{"id":93396,"date":"2023-03-30T14:51:11","date_gmt":"2023-03-30T14:51:11","guid":{"rendered":"https:\/\/www.plan-it-all.com\/?p=93396"},"modified":"2023-03-31T08:58:44","modified_gmt":"2023-03-31T08:58:44","slug":"offre-demploi-plan-it-all-recrute","status":"publish","type":"post","link":"https:\/\/www.plan-it-all.com\/fr\/offre-demploi-plan-it-all-recrute\/","title":{"rendered":"Offre d&#8217;emploi : PLAN IT ALL recrute un\u00b7e social media and sales associate"},"content":{"rendered":"<div class=\"fusion-fullwidth fullwidth-box fusion-builder-row-1 fusion-flex-container nonhundred-percent-fullwidth non-hundred-percent-height-scrolling\" style=\"--awb-border-radius-top-left:0px;--awb-border-radius-top-right:0px;--awb-border-radius-bottom-right:0px;--awb-border-radius-bottom-left:0px;--awb-flex-wrap:wrap;\" ><div class=\"fusion-builder-row fusion-row fusion-flex-align-items-flex-start fusion-flex-content-wrap\" style=\"max-width:1424.8px;margin-left: calc(-4% \/ 2 );margin-right: calc(-4% \/ 2 );\"><div class=\"fusion-layout-column fusion_builder_column fusion-builder-column-0 fusion_builder_column_1_1 1_1 fusion-flex-column\" style=\"--awb-bg-size:cover;--awb-width-large:100%;--awb-margin-top-large:0px;--awb-spacing-right-large:1.92%;--awb-margin-bottom-large:0px;--awb-spacing-left-large:1.92%;--awb-width-medium:100%;--awb-spacing-right-medium:1.92%;--awb-spacing-left-medium:1.92%;--awb-width-small:100%;--awb-spacing-right-small:1.92%;--awb-spacing-left-small:1.92%;\"><div class=\"fusion-column-wrapper fusion-flex-justify-content-flex-start fusion-content-layout-column\"><div class=\"fusion-text fusion-text-1\" style=\"--awb-text-transform:none;\"><h2>Descriptif de l&rsquo;offre d&#8217;emploi<\/h2>\n<p>PLAN-IT-ALL est \u00e0 la recherche d&rsquo;un\u00b7e Social media and sales associate, dans le cadre d&rsquo;un contrat de remplacement, pour une dur\u00e9e minimum de 6 mois.<\/p>\n<p>Entr\u00e9e en fonction au d\u00e9but du mois d\u2019octobre 2023, \u00e0 temps partiel (19h\/semaine). Possibilit\u00e9 d&#8217;embauche \u00e0 la suite du contrat de remplacement.<\/p>\n<p><a href=\"https:\/\/www.plan-it-all.com\/fr\" target=\"_blank\" rel=\"noopener\">PLAN-IT-ALL.COM<\/a> est une plateforme qui propose des services de marketing immobilier : cr\u00e9ation de plan 2D et 3D,\u00a0 \u00e9dition de photo immobili\u00e8re (retouche standard, home staging virtuel \u2026 ) et r\u00e9alisation de rendu 3D.<\/p>\n<p>PLAN-IT-ALL a d\u00e9velopp\u00e9 l\u2019application <a href=\"https:\/\/www.plan-it-all.com\/fr\/atlentis\/\" target=\"_blank\" rel=\"noopener\">ATLENTIS<\/a> pour permettre aux professionnels de l\u2019immobilier d\u2019\u00eatre encore plus comp\u00e9titifs sur le march\u00e9. L\u2019application permet notamment de scanner en quelques minutes une propri\u00e9t\u00e9 et d\u2019obtenir le plan, de prendre des photos HDR, de remplacer automatiquement un ciel gris par un ciel bleu sur des photos immobili\u00e8res.<\/p>\n<p>Les produits et services s\u2019adressent principalement aux agents immobiliers, mandataires, et promoteurs.<\/p>\n<p><img decoding=\"async\" class=\"lazyload aligncenter size-fusion-600 wp-image-93397\" src=\"https:\/\/www.plan-it-all.com\/wp-content\/uploads\/2023\/03\/PLAN-IT-ALL-engage-job-600x338.png\" data-orig-src=\"https:\/\/www.plan-it-all.com\/wp-content\/uploads\/2023\/03\/PLAN-IT-ALL-engage-job-600x338.png\" alt=\"offre emploi plan it all\" width=\"600\" height=\"338\" srcset=\"data:image\/svg+xml,%3Csvg%20xmlns%3D%27http%3A%2F%2Fwww.w3.org%2F2000%2Fsvg%27%20width%3D%27600%27%20height%3D%27338%27%20viewBox%3D%270%200%20600%20338%27%3E%3Crect%20width%3D%27600%27%20height%3D%27338%27%20fill-opacity%3D%220%22%2F%3E%3C%2Fsvg%3E\" data-srcset=\"https:\/\/www.plan-it-all.com\/wp-content\/uploads\/2023\/03\/PLAN-IT-ALL-engage-job-200x113.png 200w, https:\/\/www.plan-it-all.com\/wp-content\/uploads\/2023\/03\/PLAN-IT-ALL-engage-job-300x169.png 300w, https:\/\/www.plan-it-all.com\/wp-content\/uploads\/2023\/03\/PLAN-IT-ALL-engage-job-400x225.png 400w, https:\/\/www.plan-it-all.com\/wp-content\/uploads\/2023\/03\/PLAN-IT-ALL-engage-job-600x338.png 600w, https:\/\/www.plan-it-all.com\/wp-content\/uploads\/2023\/03\/PLAN-IT-ALL-engage-job-768x432.png 768w, https:\/\/www.plan-it-all.com\/wp-content\/uploads\/2023\/03\/PLAN-IT-ALL-engage-job-800x450.png 800w, https:\/\/www.plan-it-all.com\/wp-content\/uploads\/2023\/03\/PLAN-IT-ALL-engage-job-1024x576.png 1024w, https:\/\/www.plan-it-all.com\/wp-content\/uploads\/2023\/03\/PLAN-IT-ALL-engage-job-1200x675.png 1200w, https:\/\/www.plan-it-all.com\/wp-content\/uploads\/2023\/03\/PLAN-IT-ALL-engage-job-1536x864.png 1536w\" data-sizes=\"auto\" data-orig-sizes=\"(max-width: 600px) 100vw, 600px\" \/><\/p>\n<h2>Votre profil<\/h2>\n<p>Vous connaissez les principaux <strong>r\u00e9seaux sociaux<\/strong> et leur plateforme de gestion publicitaire. Vous avez une plume ax\u00e9e contenus marketing web. Vous \u00eates en mesure de cr\u00e9er des visuels (image et vid\u00e9o) pour illustrer les publications. Vous cr\u00e9ez \u00e9galement les campagnes emailing \u00e0 destination des prospects et des clients inscrits. Votre orthographe doit \u00eatre irr\u00e9prochable.<\/p>\n<p>Vous \u00eates assez <strong>p\u00e9dagogue<\/strong> pour pouvoir expliquer de fa\u00e7on claire et pr\u00e9cise le fonctionnement de notre plateforme et de notre application \u00e0 notre client\u00e8le. Vous n\u2019avez pas peur de d\u00e9crocher le t\u00e9l\u00e9phone pour assurer le <strong>suivi des devis, des commandes<\/strong> et des \u00e9ventuelles r\u00e9clamations.<\/p>\n<p>Vous devez \u00eatre <strong>polyvalent<\/strong> et pouvoir organiser votre travail en ayant le sens des priorit\u00e9s. Vous \u00eates plut\u00f4t <strong>autonome et ind\u00e9pendant\u00b7e <\/strong>et n\u2019\u00e9prouvez aucune difficult\u00e9 \u00e0 travailler \u00e0 distance : vous rejoindrez une \u00e9quipe qui est r\u00e9partie entre l\u2019Europe (Luxembourg, Belgique, Suisse) et l\u2019Asie (Inde).<\/p>\n<p>Une bonne connaissance de l\u2019<strong>anglais \u00e9crit et oral<\/strong> est requise. Des bases en allemand sont un plus.<\/p>\n<p>Vous avez un int\u00e9r\u00eat pour le domaine de l\u2019immobilier.<\/p>\n<p>L\u2019offre s\u2019adresse aux personnes r\u00e9sidants en Belgique, en France ou au Luxembourg.<\/p>\n<h2>Les principales t\u00e2ches de la fonction incluent :<\/h2>\n<ol>\n<li><strong> D\u00e9veloppement de notre pr\u00e9sence sur le web<\/strong><\/li>\n<\/ol>\n<ul>\n<li>Lancement et d\u00e9veloppement de nos marques sur Instagram<\/li>\n<li>Am\u00e9lioration du ranking google (SEO)<\/li>\n<li>Mise \u00e0 jour des contenus du site web (WordPress)<\/li>\n<li>Ecriture d\u2019article de blogs en fran\u00e7ais et anglais, optimis\u00e9 SEO avec WordPress<\/li>\n<li>Publication sur les r\u00e9seaux sociaux (Google my business, LinkedIn et Facebook et Instagram)<\/li>\n<li>Cr\u00e9ation et gestion de campagne publicitaire sur LinkedIn, Facebook et Instagram<\/li>\n<\/ul>\n<ol start=\"2\">\n<li><strong> Cr\u00e9ation de campagne emailing<\/strong><\/li>\n<\/ol>\n<ul>\n<li>Cr\u00e9ation de campagnes d\u2019emailing avec l\u2019outil Sendinblue<\/li>\n<li>D\u00e9clinaison du message en fonction des destinataires (clients ou prospects)<\/li>\n<li>Cr\u00e9ation de visuel graphique adapt\u00e9 avec Canva ou un autre outil de design<\/li>\n<\/ul>\n<ol start=\"3\">\n<li><strong> Support client\u00e8le<\/strong><\/li>\n<\/ol>\n<ul>\n<li>Gestion de la chat room et du support t\u00e9l\u00e9phonique<\/li>\n<li>Am\u00e9lioration et mise \u00e0 jour des pages FAQ en fran\u00e7ais et en anglais sur notre site<\/li>\n<li>Suivi client\u00e8le : pr\u00e9sentation de la plateforme PLAN IT ALL et de l\u2019application ATLENTUS aux nouveaux inscrits, remont\u00e9e des commentaires des clients,<\/li>\n<li>Suggestion des am\u00e9liorations \u00e0 apporter en fonction des commentaires des utilisateurs<\/li>\n<\/ul>\n<p>4. <strong>Interaction avec les \u00e9quipes techniques<\/strong><\/p>\n<ul>\n<li>Contacts r\u00e9guliers en anglais avec les \u00e9quipes de dessinateurs, concernant le suivi des commandes<\/li>\n<li>Contacts en anglais avec les d\u00e9veloppeurs web pour les mises \u00e0 jour du site internet et de l&rsquo;application mobile<\/li>\n<\/ul>\n<p>Vous \u00eates int\u00e9ress\u00e9\u00b7e par cette offre d&#8217;emploi ? Envoyez votre CV et une lettre de motivation par email \u00e0 support@plan-it-all.com, avec en objet \u00ab\u00a0Candidature PLAN IT ALL \/ATLENTS\u00a0\u00bb.<\/p>\n<\/div><\/div><\/div><\/div><\/div>\n","protected":false},"excerpt":{"rendered":"","protected":false},"author":10,"featured_media":93401,"comment_status":"open","ping_status":"open","sticky":false,"template":"","format":"standard","meta":{"om_disable_all_campaigns":false,"_monsterinsights_skip_tracking":false,"_monsterinsights_sitenote_active":false,"_monsterinsights_sitenote_note":"","_monsterinsights_sitenote_category":0,"footnotes":""},"categories":[15],"tags":[],"class_list":["post-93396","post","type-post","status-publish","format-standard","has-post-thumbnail","hentry","category-non-classifiee"],"yoast_head":"<!-- This site is optimized with the Yoast SEO plugin v26.8 - https:\/\/yoast.com\/product\/yoast-seo-wordpress\/ -->\n<title>Offre d&#039;emploi : PLAN IT ALL recrute un\u00b7e social media and sales associate - Plan It All<\/title>\n<meta name=\"description\" content=\"PLAN-IT-ALL est \u00e0 la recherche d&#039;un\u00b7e Social media and sales associate, dans le cadre d&#039;un contrat de remplacement d&#039;une dur\u00e9e de 6 mois min.\" \/>\n<meta name=\"robots\" content=\"index, follow, max-snippet:-1, max-image-preview:large, max-video-preview:-1\" \/>\n<link rel=\"canonical\" href=\"https:\/\/www.plan-it-all.com\/fr\/offre-demploi-plan-it-all-recrute\/\" \/>\n<meta property=\"og:locale\" content=\"fr_FR\" \/>\n<meta property=\"og:type\" content=\"article\" \/>\n<meta property=\"og:title\" content=\"Offre d&#039;emploi : PLAN IT ALL recrute un\u00b7e social media and sales associate - Plan It All\" \/>\n<meta property=\"og:description\" content=\"PLAN-IT-ALL est \u00e0 la recherche d&#039;un\u00b7e Social media and sales associate, dans le cadre d&#039;un contrat de remplacement d&#039;une dur\u00e9e de 6 mois min.\" \/>\n<meta property=\"og:url\" content=\"https:\/\/www.plan-it-all.com\/fr\/offre-demploi-plan-it-all-recrute\/\" \/>\n<meta property=\"og:site_name\" content=\"Plan It All\" \/>\n<meta property=\"article:published_time\" content=\"2023-03-30T14:51:11+00:00\" \/>\n<meta property=\"article:modified_time\" content=\"2023-03-31T08:58:44+00:00\" \/>\n<meta property=\"og:image\" content=\"https:\/\/www.plan-it-all.com\/wp-content\/uploads\/2023\/03\/offre-emploi.png\" \/>\n\t<meta property=\"og:image:width\" content=\"1920\" \/>\n\t<meta property=\"og:image:height\" content=\"748\" \/>\n\t<meta property=\"og:image:type\" content=\"image\/png\" \/>\n<meta name=\"author\" content=\"Alison D\" \/>\n<meta name=\"twitter:card\" content=\"summary_large_image\" \/>\n<meta name=\"twitter:label1\" content=\"\u00c9crit par\" \/>\n\t<meta name=\"twitter:data1\" content=\"Alison D\" \/>\n\t<meta name=\"twitter:label2\" content=\"Dur\u00e9e de lecture estim\u00e9e\" \/>\n\t<meta name=\"twitter:data2\" content=\"4 minutes\" \/>\n<script type=\"application\/ld+json\" class=\"yoast-schema-graph\">{\"@context\":\"https:\/\/schema.org\",\"@graph\":[{\"@type\":\"Article\",\"@id\":\"https:\/\/www.plan-it-all.com\/fr\/offre-demploi-plan-it-all-recrute\/#article\",\"isPartOf\":{\"@id\":\"https:\/\/www.plan-it-all.com\/fr\/offre-demploi-plan-it-all-recrute\/\"},\"author\":{\"name\":\"Alison D\",\"@id\":\"https:\/\/www.plan-it-all.com\/#\/schema\/person\/8db53a27b3510d94279cc573e1a29563\"},\"headline\":\"Offre d&#8217;emploi : PLAN IT ALL recrute un\u00b7e social media and sales associate\",\"datePublished\":\"2023-03-30T14:51:11+00:00\",\"dateModified\":\"2023-03-31T08:58:44+00:00\",\"mainEntityOfPage\":{\"@id\":\"https:\/\/www.plan-it-all.com\/fr\/offre-demploi-plan-it-all-recrute\/\"},\"wordCount\":886,\"commentCount\":0,\"image\":{\"@id\":\"https:\/\/www.plan-it-all.com\/fr\/offre-demploi-plan-it-all-recrute\/#primaryimage\"},\"thumbnailUrl\":\"https:\/\/www.plan-it-all.com\/wp-content\/uploads\/2023\/03\/offre-emploi.png\",\"articleSection\":[\"Non classifi\u00e9(e)\"],\"inLanguage\":\"fr-FR\",\"potentialAction\":[{\"@type\":\"CommentAction\",\"name\":\"Comment\",\"target\":[\"https:\/\/www.plan-it-all.com\/fr\/offre-demploi-plan-it-all-recrute\/#respond\"]}]},{\"@type\":\"WebPage\",\"@id\":\"https:\/\/www.plan-it-all.com\/fr\/offre-demploi-plan-it-all-recrute\/\",\"url\":\"https:\/\/www.plan-it-all.com\/fr\/offre-demploi-plan-it-all-recrute\/\",\"name\":\"Offre d'emploi : PLAN IT ALL recrute un\u00b7e social media and sales associate - Plan It All\",\"isPartOf\":{\"@id\":\"https:\/\/www.plan-it-all.com\/#website\"},\"primaryImageOfPage\":{\"@id\":\"https:\/\/www.plan-it-all.com\/fr\/offre-demploi-plan-it-all-recrute\/#primaryimage\"},\"image\":{\"@id\":\"https:\/\/www.plan-it-all.com\/fr\/offre-demploi-plan-it-all-recrute\/#primaryimage\"},\"thumbnailUrl\":\"https:\/\/www.plan-it-all.com\/wp-content\/uploads\/2023\/03\/offre-emploi.png\",\"datePublished\":\"2023-03-30T14:51:11+00:00\",\"dateModified\":\"2023-03-31T08:58:44+00:00\",\"author\":{\"@id\":\"https:\/\/www.plan-it-all.com\/#\/schema\/person\/8db53a27b3510d94279cc573e1a29563\"},\"description\":\"PLAN-IT-ALL est \u00e0 la recherche d'un\u00b7e Social media and sales associate, dans le cadre d'un contrat de remplacement d'une dur\u00e9e de 6 mois min.\",\"inLanguage\":\"fr-FR\",\"potentialAction\":[{\"@type\":\"ReadAction\",\"target\":[\"https:\/\/www.plan-it-all.com\/fr\/offre-demploi-plan-it-all-recrute\/\"]}]},{\"@type\":\"ImageObject\",\"inLanguage\":\"fr-FR\",\"@id\":\"https:\/\/www.plan-it-all.com\/fr\/offre-demploi-plan-it-all-recrute\/#primaryimage\",\"url\":\"https:\/\/www.plan-it-all.com\/wp-content\/uploads\/2023\/03\/offre-emploi.png\",\"contentUrl\":\"https:\/\/www.plan-it-all.com\/wp-content\/uploads\/2023\/03\/offre-emploi.png\",\"width\":1920,\"height\":748,\"caption\":\"offre emploi plan it all atlentis\"},{\"@type\":\"WebSite\",\"@id\":\"https:\/\/www.plan-it-all.com\/#website\",\"url\":\"https:\/\/www.plan-it-all.com\/\",\"name\":\"Plan It All\",\"description\":\"\",\"potentialAction\":[{\"@type\":\"SearchAction\",\"target\":{\"@type\":\"EntryPoint\",\"urlTemplate\":\"https:\/\/www.plan-it-all.com\/?s={search_term_string}\"},\"query-input\":{\"@type\":\"PropertyValueSpecification\",\"valueRequired\":true,\"valueName\":\"search_term_string\"}}],\"inLanguage\":\"fr-FR\"},{\"@type\":\"Person\",\"@id\":\"https:\/\/www.plan-it-all.com\/#\/schema\/person\/8db53a27b3510d94279cc573e1a29563\",\"name\":\"Alison D\",\"image\":{\"@type\":\"ImageObject\",\"inLanguage\":\"fr-FR\",\"@id\":\"https:\/\/www.plan-it-all.com\/#\/schema\/person\/image\/\",\"url\":\"https:\/\/secure.gravatar.com\/avatar\/92dc2128b4daa532268a1cd7227cc211?s=96&d=mm&r=g\",\"contentUrl\":\"https:\/\/secure.gravatar.com\/avatar\/92dc2128b4daa532268a1cd7227cc211?s=96&d=mm&r=g\",\"caption\":\"Alison D\"},\"url\":\"https:\/\/www.plan-it-all.com\/fr\/author\/jwplan-it-all-com\/\"}]}<\/script>\n<!-- \/ Yoast SEO plugin. -->","yoast_head_json":{"title":"Offre d'emploi : PLAN IT ALL recrute un\u00b7e social media and sales associate - Plan It All","description":"PLAN-IT-ALL est \u00e0 la recherche d'un\u00b7e Social media and sales associate, dans le cadre d'un contrat de remplacement d'une dur\u00e9e de 6 mois min.","robots":{"index":"index","follow":"follow","max-snippet":"max-snippet:-1","max-image-preview":"max-image-preview:large","max-video-preview":"max-video-preview:-1"},"canonical":"https:\/\/www.plan-it-all.com\/fr\/offre-demploi-plan-it-all-recrute\/","og_locale":"fr_FR","og_type":"article","og_title":"Offre d'emploi : PLAN IT ALL recrute un\u00b7e social media and sales associate - Plan It All","og_description":"PLAN-IT-ALL est \u00e0 la recherche d'un\u00b7e Social media and sales associate, dans le cadre d'un contrat de remplacement d'une dur\u00e9e de 6 mois min.","og_url":"https:\/\/www.plan-it-all.com\/fr\/offre-demploi-plan-it-all-recrute\/","og_site_name":"Plan It All","article_published_time":"2023-03-30T14:51:11+00:00","article_modified_time":"2023-03-31T08:58:44+00:00","og_image":[{"width":1920,"height":748,"url":"https:\/\/www.plan-it-all.com\/wp-content\/uploads\/2023\/03\/offre-emploi.png","type":"image\/png"}],"author":"Alison D","twitter_card":"summary_large_image","twitter_misc":{"\u00c9crit par":"Alison D","Dur\u00e9e de lecture estim\u00e9e":"4 minutes"},"schema":{"@context":"https:\/\/schema.org","@graph":[{"@type":"Article","@id":"https:\/\/www.plan-it-all.com\/fr\/offre-demploi-plan-it-all-recrute\/#article","isPartOf":{"@id":"https:\/\/www.plan-it-all.com\/fr\/offre-demploi-plan-it-all-recrute\/"},"author":{"name":"Alison D","@id":"https:\/\/www.plan-it-all.com\/#\/schema\/person\/8db53a27b3510d94279cc573e1a29563"},"headline":"Offre d&#8217;emploi : PLAN IT ALL recrute un\u00b7e social media and sales associate","datePublished":"2023-03-30T14:51:11+00:00","dateModified":"2023-03-31T08:58:44+00:00","mainEntityOfPage":{"@id":"https:\/\/www.plan-it-all.com\/fr\/offre-demploi-plan-it-all-recrute\/"},"wordCount":886,"commentCount":0,"image":{"@id":"https:\/\/www.plan-it-all.com\/fr\/offre-demploi-plan-it-all-recrute\/#primaryimage"},"thumbnailUrl":"https:\/\/www.plan-it-all.com\/wp-content\/uploads\/2023\/03\/offre-emploi.png","articleSection":["Non classifi\u00e9(e)"],"inLanguage":"fr-FR","potentialAction":[{"@type":"CommentAction","name":"Comment","target":["https:\/\/www.plan-it-all.com\/fr\/offre-demploi-plan-it-all-recrute\/#respond"]}]},{"@type":"WebPage","@id":"https:\/\/www.plan-it-all.com\/fr\/offre-demploi-plan-it-all-recrute\/","url":"https:\/\/www.plan-it-all.com\/fr\/offre-demploi-plan-it-all-recrute\/","name":"Offre d'emploi : PLAN IT ALL recrute un\u00b7e social media and sales associate - Plan It All","isPartOf":{"@id":"https:\/\/www.plan-it-all.com\/#website"},"primaryImageOfPage":{"@id":"https:\/\/www.plan-it-all.com\/fr\/offre-demploi-plan-it-all-recrute\/#primaryimage"},"image":{"@id":"https:\/\/www.plan-it-all.com\/fr\/offre-demploi-plan-it-all-recrute\/#primaryimage"},"thumbnailUrl":"https:\/\/www.plan-it-all.com\/wp-content\/uploads\/2023\/03\/offre-emploi.png","datePublished":"2023-03-30T14:51:11+00:00","dateModified":"2023-03-31T08:58:44+00:00","author":{"@id":"https:\/\/www.plan-it-all.com\/#\/schema\/person\/8db53a27b3510d94279cc573e1a29563"},"description":"PLAN-IT-ALL est \u00e0 la recherche d'un\u00b7e Social media and sales associate, dans le cadre d'un contrat de remplacement d'une dur\u00e9e de 6 mois min.","inLanguage":"fr-FR","potentialAction":[{"@type":"ReadAction","target":["https:\/\/www.plan-it-all.com\/fr\/offre-demploi-plan-it-all-recrute\/"]}]},{"@type":"ImageObject","inLanguage":"fr-FR","@id":"https:\/\/www.plan-it-all.com\/fr\/offre-demploi-plan-it-all-recrute\/#primaryimage","url":"https:\/\/www.plan-it-all.com\/wp-content\/uploads\/2023\/03\/offre-emploi.png","contentUrl":"https:\/\/www.plan-it-all.com\/wp-content\/uploads\/2023\/03\/offre-emploi.png","width":1920,"height":748,"caption":"offre emploi plan it all atlentis"},{"@type":"WebSite","@id":"https:\/\/www.plan-it-all.com\/#website","url":"https:\/\/www.plan-it-all.com\/","name":"Plan It All","description":"","potentialAction":[{"@type":"SearchAction","target":{"@type":"EntryPoint","urlTemplate":"https:\/\/www.plan-it-all.com\/?s={search_term_string}"},"query-input":{"@type":"PropertyValueSpecification","valueRequired":true,"valueName":"search_term_string"}}],"inLanguage":"fr-FR"},{"@type":"Person","@id":"https:\/\/www.plan-it-all.com\/#\/schema\/person\/8db53a27b3510d94279cc573e1a29563","name":"Alison D","image":{"@type":"ImageObject","inLanguage":"fr-FR","@id":"https:\/\/www.plan-it-all.com\/#\/schema\/person\/image\/","url":"https:\/\/secure.gravatar.com\/avatar\/92dc2128b4daa532268a1cd7227cc211?s=96&d=mm&r=g","contentUrl":"https:\/\/secure.gravatar.com\/avatar\/92dc2128b4daa532268a1cd7227cc211?s=96&d=mm&r=g","caption":"Alison D"},"url":"https:\/\/www.plan-it-all.com\/fr\/author\/jwplan-it-all-com\/"}]}},"_links":{"self":[{"href":"https:\/\/www.plan-it-all.com\/fr\/wp-json\/wp\/v2\/posts\/93396","targetHints":{"allow":["GET"]}}],"collection":[{"href":"https:\/\/www.plan-it-all.com\/fr\/wp-json\/wp\/v2\/posts"}],"about":[{"href":"https:\/\/www.plan-it-all.com\/fr\/wp-json\/wp\/v2\/types\/post"}],"author":[{"embeddable":true,"href":"https:\/\/www.plan-it-all.com\/fr\/wp-json\/wp\/v2\/users\/10"}],"replies":[{"embeddable":true,"href":"https:\/\/www.plan-it-all.com\/fr\/wp-json\/wp\/v2\/comments?post=93396"}],"version-history":[{"count":6,"href":"https:\/\/www.plan-it-all.com\/fr\/wp-json\/wp\/v2\/posts\/93396\/revisions"}],"predecessor-version":[{"id":93446,"href":"https:\/\/www.plan-it-all.com\/fr\/wp-json\/wp\/v2\/posts\/93396\/revisions\/93446"}],"wp:featuredmedia":[{"embeddable":true,"href":"https:\/\/www.plan-it-all.com\/fr\/wp-json\/wp\/v2\/media\/93401"}],"wp:attachment":[{"href":"https:\/\/www.plan-it-all.com\/fr\/wp-json\/wp\/v2\/media?parent=93396"}],"wp:term":[{"taxonomy":"category","embeddable":true,"href":"https:\/\/www.plan-it-all.com\/fr\/wp-json\/wp\/v2\/categories?post=93396"},{"taxonomy":"post_tag","embeddable":true,"href":"https:\/\/www.plan-it-all.com\/fr\/wp-json\/wp\/v2\/tags?post=93396"}],"curies":[{"name":"wp","href":"https:\/\/api.w.org\/{rel}","templated":true}]}}